{"id":3378,"date":"2025-11-17T22:01:42","date_gmt":"2025-11-17T22:01:42","guid":{"rendered":"https:\/\/bendicionyesperanza.es\/?p=3378"},"modified":"2025-11-17T22:03:09","modified_gmt":"2025-11-17T22:03:09","slug":"convivencia-de-las-hermandades-de-viernes-de-dolores-y-sabado-de-pasion","status":"publish","type":"post","link":"https:\/\/bendicionyesperanza.es\/?p=3378","title":{"rendered":"Convivencia de las Hermandades de Viernes de Dolores y S\u00e1bado de Pasi\u00f3n"},"content":{"rendered":"\n<p><strong>Estimados hermanos<\/strong>;<\/p>\n\n\n\n<p>El pr\u00f3ximo mi\u00e9rcoles 19 de noviembre a las 19:30 horas en la Parroquia de Jes\u00fas Obrero, celebraremos la primera <strong>Convivencia de las Hermandades de Viernes de Dolores y S\u00e1bado de Pasi\u00f3n, organizada por nuestra Hermandad.<\/strong><\/p>\n\n\n\n<p>La convivencia comenzar\u00e1 con la celebraci\u00f3n de la Eucarist\u00eda presidida por SDB Alejandro Guevara y posteriormente se llevar\u00e1 a cabo una sesi\u00f3n de formaci\u00f3n titulada <strong>\u201cDilexi te, Exhortaci\u00f3n Apost\u00f3lica del Papa Le\u00f3n XIV\u201d<\/strong> a cargo de SDB Antonio Jes\u00fas Ortiz Rodr\u00edguez.<\/p>\n\n\n\n<p><strong>Invitamos a todos nuestros hermanos a asistir a este acto de uni\u00f3n entre las corporaciones de la jornada.<\/strong><\/p>\n\n\n<figure class=\"wp-block-post-featured-image\"><img fetchpriority=\"high\" decoding=\"async\" width=\"2000\" height=\"1333\" src=\"https:\/\/bendicionyesperanza.es\/wp-content\/uploads\/2025\/11\/Cartel-Convivencia-Hermandades-Viernes-de-Dolores-y-Sabado-de-Pasion.jpg\" class=\"attachment-post-thumbnail size-post-thumbnail wp-post-image\" alt=\"\" style=\"object-fit:cover;\" srcset=\"https:\/\/bendicionyesperanza.es\/wp-content\/uploads\/2025\/11\/Cartel-Convivencia-Hermandades-Viernes-de-Dolores-y-Sabado-de-Pasion.jpg 2000w, https:\/\/bendicionyesperanza.es\/wp-content\/uploads\/2025\/11\/Cartel-Convivencia-Hermandades-Viernes-de-Dolores-y-Sabado-de-Pasion-300x200.jpg 300w, https:\/\/bendicionyesperanza.es\/wp-content\/uploads\/2025\/11\/Cartel-Convivencia-Hermandades-Viernes-de-Dolores-y-Sabado-de-Pasion-1024x682.jpg 1024w, https:\/\/bendicionyesperanza.es\/wp-content\/uploads\/2025\/11\/Cartel-Convivencia-Hermandades-Viernes-de-Dolores-y-Sabado-de-Pasion-768x512.jpg 768w, https:\/\/bendicionyesperanza.es\/wp-content\/uploads\/2025\/11\/Cartel-Convivencia-Hermandades-Viernes-de-Dolores-y-Sabado-de-Pasion-1536x1024.jpg 1536w\" sizes=\"(max-width: 2000px) 100vw, 2000px\" \/><\/figure>\n\n\n<p><\/p>\n","protected":false},"excerpt":{"rendered":"<p>Estimados hermanos; El pr\u00f3ximo mi\u00e9rcoles 19 de noviembre a las 19:30 horas en la Parroquia de Jes\u00fas Obrero, celebraremos la [&hellip;]<\/p>\n","protected":false},"author":2,"featured_media":3379,"comment_status":"closed","ping_status":"closed","sticky":false,"template":"","format":"standard","meta":{"site-sidebar-layout":"default","site-content-layout":"","ast-site-content-layout":"default","site-content-style":"default","site-sidebar-style":"default","ast-global-header-display":"","ast-banner-title-visibility":"","ast-main-header-display":"","ast-hfb-above-header-display":"","ast-hfb-below-header-display":"","ast-hfb-mobile-header-display":"","site-post-title":"","ast-breadcrumbs-content":"","ast-featured-img":"","footer-sml-layout":"","ast-disable-related-posts":"","theme-transparent-header-meta":"","adv-header-id-meta":"","stick-header-meta":"","header-above-stick-meta":"","header-main-stick-meta":"","header-below-stick-meta":"","astra-migrate-meta-layouts":"default","ast-page-background-enabled":"default","ast-page-background-meta":{"desktop":{"background-color":"var(--ast-global-color-4)","background-image":"","background-repeat":"repeat","background-position":"center center","background-size":"auto","background-attachment":"scroll","background-type":"","background-media":"","overlay-type":"","overlay-color":"","overlay-opacity":"","overlay-gradient":""},"tablet":{"background-color":"","background-image":"","background-repeat":"repeat","background-position":"center center","background-size":"auto","background-attachment":"scroll","background-type":"","background-media":"","overlay-type":"","overlay-color":"","overlay-opacity":"","overlay-gradient":""},"mobile":{"background-color":"","background-image":"","background-repeat":"repeat","background-position":"center center","background-size":"auto","background-attachment":"scroll","background-type":"","background-media":"","overlay-type":"","overlay-color":"","overlay-opacity":"","overlay-gradient":""}},"ast-content-background-meta":{"desktop":{"background-color":"var(--ast-global-color-5)","background-image":"","background-repeat":"repeat","background-position":"center center","background-size":"auto","background-attachment":"scroll","background-type":"","background-media":"","overlay-type":"","overlay-color":"","overlay-opacity":"","overlay-gradient":""},"tablet":{"background-color":"var(--ast-global-color-5)","background-image":"","background-repeat":"repeat","background-position":"center center","background-size":"auto","background-attachment":"scroll","background-type":"","background-media":"","overlay-type":"","overlay-color":"","overlay-opacity":"","overlay-gradient":""},"mobile":{"background-color":"var(--ast-global-color-5)","background-image":"","background-repeat":"repeat","background-position":"center center","background-size":"auto","background-attachment":"scroll","background-type":"","background-media":"","overlay-type":"","overlay-color":"","overlay-opacity":"","overlay-gradient":""}},"footnotes":""},"categories":[1],"tags":[],"class_list":["post-3378","post","type-post","status-publish","format-standard","has-post-thumbnail","hentry","category-uncategorized"],"_links":{"self":[{"href":"https:\/\/bendicionyesperanza.es\/index.php?rest_route=\/wp\/v2\/posts\/3378","targetHints":{"allow":["GET"]}}],"collection":[{"href":"https:\/\/bendicionyesperanza.es\/index.php?rest_route=\/wp\/v2\/posts"}],"about":[{"href":"https:\/\/bendicionyesperanza.es\/index.php?rest_route=\/wp\/v2\/types\/post"}],"author":[{"embeddable":true,"href":"https:\/\/bendicionyesperanza.es\/index.php?rest_route=\/wp\/v2\/users\/2"}],"replies":[{"embeddable":true,"href":"https:\/\/bendicionyesperanza.es\/index.php?rest_route=%2Fwp%2Fv2%2Fcomments&post=3378"}],"version-history":[{"count":1,"href":"https:\/\/bendicionyesperanza.es\/index.php?rest_route=\/wp\/v2\/posts\/3378\/revisions"}],"predecessor-version":[{"id":3380,"href":"https:\/\/bendicionyesperanza.es\/index.php?rest_route=\/wp\/v2\/posts\/3378\/revisions\/3380"}],"wp:featuredmedia":[{"embeddable":true,"href":"https:\/\/bendicionyesperanza.es\/index.php?rest_route=\/wp\/v2\/media\/3379"}],"wp:attachment":[{"href":"https:\/\/bendicionyesperanza.es\/index.php?rest_route=%2Fwp%2Fv2%2Fmedia&parent=3378"}],"wp:term":[{"taxonomy":"category","embeddable":true,"href":"https:\/\/bendicionyesperanza.es\/index.php?rest_route=%2Fwp%2Fv2%2Fcategories&post=3378"},{"taxonomy":"post_tag","embeddable":true,"href":"https:\/\/bendicionyesperanza.es\/index.php?rest_route=%2Fwp%2Fv2%2Ftags&post=3378"}],"curies":[{"name":"wp","href":"https:\/\/api.w.org\/{rel}","templated":true}]}}