{"id":3409,"date":"2025-12-13T11:23:33","date_gmt":"2025-12-13T11:23:33","guid":{"rendered":"https:\/\/bendicionyesperanza.es\/?p=3409"},"modified":"2025-12-13T11:24:10","modified_gmt":"2025-12-13T11:24:10","slug":"solemne-triduo-y-besamanos-en-honor-a-santa-maria-de-la-esperanza-en-su-soledad","status":"publish","type":"post","link":"https:\/\/bendicionyesperanza.es\/?p=3409","title":{"rendered":"Solemne Triduo y Besamanos en honor a Santa Mar\u00eda de la Esperanza en su Soledad"},"content":{"rendered":"\n<p>La Hermandad de Bendici\u00f3n y Esperanza&nbsp;<strong>celebrar\u00e1 durante el mes de diciembre los cultos en honor a Santa Mar\u00eda de la Esperanza en su Soledad,&nbsp;<\/strong>que se iniciar\u00e1n los d\u00edas&nbsp;<strong>15,<\/strong><strong>16,17 y Funci\u00f3n Principal el d\u00eda 18, onom\u00e1stica de la Esperanza<\/strong>. Cada d\u00eda de culto se comenzar\u00e1 a las 19:30 horas con el rezo del Santo Rosario, Ejercicio del Triduo y Santa Misa.<\/p>\n\n\n\n<p><strong>Don Antonio Jes\u00fas Ortiz Rodr\u00edguez, SDB, predica el lunes 15.<\/strong><\/p>\n\n\n\n<p><strong>Don Marcelino Manzano Vilches, predica el martes 16.<\/strong><\/p>\n\n\n\n<p><strong>Don Salvador Di\u00e1nez Navarro, predica el mi\u00e9rcoles 17.<\/strong><\/p>\n\n\n\n<p><strong>Don Alejandro Guevara Rodr\u00edguez, SDB, predica jueves 18.<\/strong><\/p>\n\n\n\n<p>Durante los d\u00edas de Solemne Triduo, Santa Mar\u00eda de la Esperanza en su Soledad&nbsp;<strong>estar\u00e1 en Solemne Besamanos en los siguientes horarios:<\/strong><\/p>\n\n\n\n<p><strong>Ma\u00f1ana de 10:00 horas a 13:30 horas<\/strong><\/p>\n\n\n\n<p><strong>Tarde de 17:30 horas a 19:30 horas y de 20:30 horas a 21:30 horas.<\/strong><\/p>\n\n\n<figure class=\"wp-block-post-featured-image\"><img fetchpriority=\"high\" decoding=\"async\" width=\"1134\" height=\"1600\" src=\"https:\/\/bendicionyesperanza.es\/wp-content\/uploads\/2025\/12\/Solemne-Triudo-Santa-Maria-de-la-Esperanza-2025.jpg\" class=\"attachment-post-thumbnail size-post-thumbnail wp-post-image\" alt=\"\" style=\"object-fit:cover;\" srcset=\"https:\/\/bendicionyesperanza.es\/wp-content\/uploads\/2025\/12\/Solemne-Triudo-Santa-Maria-de-la-Esperanza-2025.jpg 1134w, https:\/\/bendicionyesperanza.es\/wp-content\/uploads\/2025\/12\/Solemne-Triudo-Santa-Maria-de-la-Esperanza-2025-213x300.jpg 213w, https:\/\/bendicionyesperanza.es\/wp-content\/uploads\/2025\/12\/Solemne-Triudo-Santa-Maria-de-la-Esperanza-2025-726x1024.jpg 726w, https:\/\/bendicionyesperanza.es\/wp-content\/uploads\/2025\/12\/Solemne-Triudo-Santa-Maria-de-la-Esperanza-2025-768x1084.jpg 768w, https:\/\/bendicionyesperanza.es\/wp-content\/uploads\/2025\/12\/Solemne-Triudo-Santa-Maria-de-la-Esperanza-2025-1089x1536.jpg 1089w\" sizes=\"(max-width: 1134px) 100vw, 1134px\" \/><\/figure>","protected":false},"excerpt":{"rendered":"<p>La Hermandad de Bendici\u00f3n y Esperanza&nbsp;celebrar\u00e1 durante el mes de diciembre los cultos en honor a Santa Mar\u00eda de la [&hellip;]<\/p>\n","protected":false},"author":2,"featured_media":3410,"comment_status":"closed","ping_status":"closed","sticky":false,"template":"","format":"standard","meta":{"site-sidebar-layout":"default","site-content-layout":"","ast-site-content-layout":"default","site-content-style":"default","site-sidebar-style":"default","ast-global-header-display":"","ast-banner-title-visibility":"","ast-main-header-display":"","ast-hfb-above-header-display":"","ast-hfb-below-header-display":"","ast-hfb-mobile-header-display":"","site-post-title":"","ast-breadcrumbs-content":"","ast-featured-img":"","footer-sml-layout":"","ast-disable-related-posts":"","theme-transparent-header-meta":"","adv-header-id-meta":"","stick-header-meta":"","header-above-stick-meta":"","header-main-stick-meta":"","header-below-stick-meta":"","astra-migrate-meta-layouts":"default","ast-page-background-enabled":"default","ast-page-background-meta":{"desktop":{"background-color":"var(--ast-global-color-4)","background-image":"","background-repeat":"repeat","background-position":"center center","background-size":"auto","background-attachment":"scroll","background-type":"","background-media":"","overlay-type":"","overlay-color":"","overlay-opacity":"","overlay-gradient":""},"tablet":{"background-color":"","background-image":"","background-repeat":"repeat","background-position":"center center","background-size":"auto","background-attachment":"scroll","background-type":"","background-media":"","overlay-type":"","overlay-color":"","overlay-opacity":"","overlay-gradient":""},"mobile":{"background-color":"","background-image":"","background-repeat":"repeat","background-position":"center center","background-size":"auto","background-attachment":"scroll","background-type":"","background-media":"","overlay-type":"","overlay-color":"","overlay-opacity":"","overlay-gradient":""}},"ast-content-background-meta":{"desktop":{"background-color":"var(--ast-global-color-5)","background-image":"","background-repeat":"repeat","background-position":"center center","background-size":"auto","background-attachment":"scroll","background-type":"","background-media":"","overlay-type":"","overlay-color":"","overlay-opacity":"","overlay-gradient":""},"tablet":{"background-color":"var(--ast-global-color-5)","background-image":"","background-repeat":"repeat","background-position":"center center","background-size":"auto","background-attachment":"scroll","background-type":"","background-media":"","overlay-type":"","overlay-color":"","overlay-opacity":"","overlay-gradient":""},"mobile":{"background-color":"var(--ast-global-color-5)","background-image":"","background-repeat":"repeat","background-position":"center center","background-size":"auto","background-attachment":"scroll","background-type":"","background-media":"","overlay-type":"","overlay-color":"","overlay-opacity":"","overlay-gradient":""}},"footnotes":""},"categories":[1],"tags":[],"class_list":["post-3409","post","type-post","status-publish","format-standard","has-post-thumbnail","hentry","category-uncategorized"],"_links":{"self":[{"href":"https:\/\/bendicionyesperanza.es\/index.php?rest_route=\/wp\/v2\/posts\/3409","targetHints":{"allow":["GET"]}}],"collection":[{"href":"https:\/\/bendicionyesperanza.es\/index.php?rest_route=\/wp\/v2\/posts"}],"about":[{"href":"https:\/\/bendicionyesperanza.es\/index.php?rest_route=\/wp\/v2\/types\/post"}],"author":[{"embeddable":true,"href":"https:\/\/bendicionyesperanza.es\/index.php?rest_route=\/wp\/v2\/users\/2"}],"replies":[{"embeddable":true,"href":"https:\/\/bendicionyesperanza.es\/index.php?rest_route=%2Fwp%2Fv2%2Fcomments&post=3409"}],"version-history":[{"count":1,"href":"https:\/\/bendicionyesperanza.es\/index.php?rest_route=\/wp\/v2\/posts\/3409\/revisions"}],"predecessor-version":[{"id":3411,"href":"https:\/\/bendicionyesperanza.es\/index.php?rest_route=\/wp\/v2\/posts\/3409\/revisions\/3411"}],"wp:featuredmedia":[{"embeddable":true,"href":"https:\/\/bendicionyesperanza.es\/index.php?rest_route=\/wp\/v2\/media\/3410"}],"wp:attachment":[{"href":"https:\/\/bendicionyesperanza.es\/index.php?rest_route=%2Fwp%2Fv2%2Fmedia&parent=3409"}],"wp:term":[{"taxonomy":"category","embeddable":true,"href":"https:\/\/bendicionyesperanza.es\/index.php?rest_route=%2Fwp%2Fv2%2Fcategories&post=3409"},{"taxonomy":"post_tag","embeddable":true,"href":"https:\/\/bendicionyesperanza.es\/index.php?rest_route=%2Fwp%2Fv2%2Ftags&post=3409"}],"curies":[{"name":"wp","href":"https:\/\/api.w.org\/{rel}","templated":true}]}}